{"id":686,"date":"2017-12-21T09:25:52","date_gmt":"2017-12-21T11:25:52","guid":{"rendered":"http:\/\/www.suplementacaoalimentar.com.br\/site\/?p=686"},"modified":"2017-11-22T11:33:07","modified_gmt":"2017-11-22T13:33:07","slug":"ginkgo-biloba","status":"publish","type":"post","link":"https:\/\/www.suplementacaoalimentar.com.br\/site\/2017\/12\/21\/ginkgo-biloba\/","title":{"rendered":"Ginkgo Biloba"},"content":{"rendered":"<p style=\"text-align: left;\">? \u2728\u00a0Fonte natural rica em flavon\u00f3ides. Resultado ben\u00e9fico no tratamento das micro varizes e cansa\u00e7o nas pernas. Combate isquemia cerebral, vertigens, defici\u00eancia auditiva, perda de concentra\u00e7\u00e3o. Atua nos processos vasculares degenerativos e na preven\u00e7\u00e3o de edema cerebral.<br \/>\n60 c\u00e1psulas 500 mg<br \/>\nPor: R$40,00<br \/>\n? Compre agora esse produto: https:\/\/goo.gl\/ZkN6XS<br \/>\n\u2728 Adquira um de nossos produtos acesse nossa loja virtual!!<\/p>\n<p>? Suplementa\u00e7\u00e3o Alimentar &#8211; Atendimento F\u00edsico: Segunda a Sexta das 08h \u00e0s 12h &#8211; 14h \u00e0s 18h. S\u00e1bados das 9h \u00e0s 12h.<br \/>\n? WhatsApp: (34) 98421-1033 &#8211; D\u00favidas me ligue!<br \/>\n? contato@suplementacaoalimentar.com.br<\/p>\n","protected":false},"excerpt":{"rendered":"<p>? \u2728\u00a0Fonte natural rica em flavon\u00f3ides. Resultado ben\u00e9fico no tratamento das micro varizes e cansa\u00e7o nas pernas. Combate isquemia cerebral, vertigens, defici\u00eancia auditiva, perda de concentra\u00e7\u00e3o.<span class=\"excerpt-hellip\"> [\u2026]<\/span><\/p>\n","protected":false},"author":1,"featured_media":687,"comment_status":"open","ping_status":"open","sticky":false,"template":"","format":"standard","meta":{"footnotes":""},"categories":[80],"tags":[],"_links":{"self":[{"href":"https:\/\/www.suplementacaoalimentar.com.br\/site\/wp-json\/wp\/v2\/posts\/686"}],"collection":[{"href":"https:\/\/www.suplementacaoalimentar.com.br\/site\/wp-json\/wp\/v2\/posts"}],"about":[{"href":"https:\/\/www.suplementacaoalimentar.com.br\/site\/wp-json\/wp\/v2\/types\/post"}],"author":[{"embeddable":true,"href":"https:\/\/www.suplementacaoalimentar.com.br\/site\/wp-json\/wp\/v2\/users\/1"}],"replies":[{"embeddable":true,"href":"https:\/\/www.suplementacaoalimentar.com.br\/site\/wp-json\/wp\/v2\/comments?post=686"}],"version-history":[{"count":1,"href":"https:\/\/www.suplementacaoalimentar.com.br\/site\/wp-json\/wp\/v2\/posts\/686\/revisions"}],"predecessor-version":[{"id":688,"href":"https:\/\/www.suplementacaoalimentar.com.br\/site\/wp-json\/wp\/v2\/posts\/686\/revisions\/688"}],"wp:featuredmedia":[{"embeddable":true,"href":"https:\/\/www.suplementacaoalimentar.com.br\/site\/wp-json\/wp\/v2\/media\/687"}],"wp:attachment":[{"href":"https:\/\/www.suplementacaoalimentar.com.br\/site\/wp-json\/wp\/v2\/media?parent=686"}],"wp:term":[{"taxonomy":"category","embeddable":true,"href":"https:\/\/www.suplementacaoalimentar.com.br\/site\/wp-json\/wp\/v2\/categories?post=686"},{"taxonomy":"post_tag","embeddable":true,"href":"https:\/\/www.suplementacaoalimentar.com.br\/site\/wp-json\/wp\/v2\/tags?post=686"}],"curies":[{"name":"wp","href":"https:\/\/api.w.org\/{rel}","templated":true}]}}