{"id":689,"date":"2017-12-24T09:25:05","date_gmt":"2017-12-24T11:25:05","guid":{"rendered":"http:\/\/www.suplementacaoalimentar.com.br\/site\/?p=689"},"modified":"2017-11-22T11:36:31","modified_gmt":"2017-11-22T13:36:31","slug":"hoje-comemora-se-o-natal","status":"publish","type":"post","link":"https:\/\/www.suplementacaoalimentar.com.br\/site\/2017\/12\/24\/hoje-comemora-se-o-natal\/","title":{"rendered":"Hoje comemora-se o Natal."},"content":{"rendered":"<p>&#8220;Que o esp\u00edrito natalino traga aos nossos cora\u00e7\u00f5es a f\u00e9 inabal\u00e1vel dos que acreditam em um novo tempo de paz e amor.&#8221;<\/p>\n<p>Feliz Natal!! ??<\/p>\n<p>\u2728 Adquira um de nossos produtos acesse nossa loja virtual!!<\/p>\n<p>? Suplementa\u00e7\u00e3o Alimentar &#8211; Atendimento F\u00edsico: Segunda a Sexta das 08h \u00e0s 12h &#8211; 14h \u00e0s 18h. S\u00e1bados das 9h \u00e0s 12h.<br \/>\n? WhatsApp: (34) 98421-1033 &#8211; D\u00favidas me ligue!<br \/>\n? contato@suplementacaoalimentar.com.br<\/p>\n","protected":false},"excerpt":{"rendered":"<p>&#8220;Que o esp\u00edrito natalino traga aos nossos cora\u00e7\u00f5es a f\u00e9 inabal\u00e1vel dos que acreditam em um novo tempo de paz e amor.&#8221; Feliz Natal!! ?? \u2728<span class=\"excerpt-hellip\"> [\u2026]<\/span><\/p>\n","protected":false},"author":1,"featured_media":690,"comment_status":"open","ping_status":"open","sticky":false,"template":"","format":"standard","meta":{"footnotes":""},"categories":[80],"tags":[],"_links":{"self":[{"href":"https:\/\/www.suplementacaoalimentar.com.br\/site\/wp-json\/wp\/v2\/posts\/689"}],"collection":[{"href":"https:\/\/www.suplementacaoalimentar.com.br\/site\/wp-json\/wp\/v2\/posts"}],"about":[{"href":"https:\/\/www.suplementacaoalimentar.com.br\/site\/wp-json\/wp\/v2\/types\/post"}],"author":[{"embeddable":true,"href":"https:\/\/www.suplementacaoalimentar.com.br\/site\/wp-json\/wp\/v2\/users\/1"}],"replies":[{"embeddable":true,"href":"https:\/\/www.suplementacaoalimentar.com.br\/site\/wp-json\/wp\/v2\/comments?post=689"}],"version-history":[{"count":1,"href":"https:\/\/www.suplementacaoalimentar.com.br\/site\/wp-json\/wp\/v2\/posts\/689\/revisions"}],"predecessor-version":[{"id":691,"href":"https:\/\/www.suplementacaoalimentar.com.br\/site\/wp-json\/wp\/v2\/posts\/689\/revisions\/691"}],"wp:featuredmedia":[{"embeddable":true,"href":"https:\/\/www.suplementacaoalimentar.com.br\/site\/wp-json\/wp\/v2\/media\/690"}],"wp:attachment":[{"href":"https:\/\/www.suplementacaoalimentar.com.br\/site\/wp-json\/wp\/v2\/media?parent=689"}],"wp:term":[{"taxonomy":"category","embeddable":true,"href":"https:\/\/www.suplementacaoalimentar.com.br\/site\/wp-json\/wp\/v2\/categories?post=689"},{"taxonomy":"post_tag","embeddable":true,"href":"https:\/\/www.suplementacaoalimentar.com.br\/site\/wp-json\/wp\/v2\/tags?post=689"}],"curies":[{"name":"wp","href":"https:\/\/api.w.org\/{rel}","templated":true}]}}